{"id":16497,"date":"2020-11-10T12:56:52","date_gmt":"2020-11-10T12:56:52","guid":{"rendered":"https:\/\/parlo-italiano.com\/uncategorized-cs\/viii-rocnik-mittelcinemafestu-stredoevropskeho-festivalu-italskeho-filmu-v-ceske-republice\/"},"modified":"2021-07-04T12:54:44","modified_gmt":"2021-07-04T10:54:44","slug":"viii-rocnik-mittelcinemafestu-stredoevropskeho-festivalu-italskeho-filmu-v-ceske-republice","status":"publish","type":"post","link":"https:\/\/parlo-italiano.cz\/cs\/akce\/viii-rocnik-mittelcinemafestu-stredoevropskeho-festivalu-italskeho-filmu-v-ceske-republice\/","title":{"rendered":"VIII. ro\u010dn\u00edk MittelCinemaFestu \u2013 St\u0159edoevropsk\u00e9ho festivalu italsk\u00e9ho filmu v \u010cesk\u00e9 republice"},"content":{"rendered":"\r\n<p>Stav zdravotn\u00ed nouze nezastav\u00ed MittelCinemaFest!  Osm\u00fd ro\u010dn\u00edk festivalu se kon\u00e1 online v bezplatn\u00e9 verzi pro celou \u010ceskou republiku. V programu bude zahrnuto to nejlep\u0161\u00ed z ned\u00e1vn\u00e9 italsk\u00e9 filmov\u00e9 produkce s \u010desk\u00fdmi a anglick\u00fdmi titulky.<\/p>\r\n\r\n<p><strong>V\u011bd\u011bt v\u00edce: https:\/\/www.mittelcinemafest.cz\/<\/strong><\/p>\r\n","protected":false},"excerpt":{"rendered":"<p>Stav zdravotn\u00ed nouze nezastav\u00ed MittelCinemaFest! Osm\u00fd ro\u010dn\u00edk festivalu se kon\u00e1 online v bezplatn\u00e9 verzi pro celou \u010ceskou republiku. V programu bude zahrnuto to nejlep\u0161\u00ed z ned\u00e1vn\u00e9 italsk\u00e9 filmov\u00e9 produkce s \u010desk\u00fdmi a anglick\u00fdmi titulky. V\u011bd\u011bt v\u00edce: https:\/\/www.mittelcinemafest.cz\/<\/p>\n","protected":false},"author":2,"featured_media":16494,"comment_status":"closed","ping_status":"open","sticky":false,"template":"","format":"standard","meta":{"footnotes":""},"categories":[180],"tags":[],"class_list":["post-16497","post","type-post","status-publish","format-standard","has-post-thumbnail","hentry","category-akce"],"yoast_head":"<!-- This site is optimized with the Yoast SEO plugin v27.4 - https:\/\/yoast.com\/product\/yoast-seo-wordpress\/ -->\n<title>VIII. ro\u010dn\u00edk MittelCinemaFestu \u2013 St\u0159edoevropsk\u00e9ho festivalu italsk\u00e9ho filmu v \u010cesk\u00e9 republice - Parlo Italiano<\/title>\n<meta name=\"description\" content=\"Stav zdravotn\u00ed nouze nezastav\u00ed MittelCinemaFest! Osm\u00fd ro\u010dn\u00edk festivalu se kon\u00e1 online v bezplatn\u00e9 verzi pro celou \u010ceskou republiku. V programu bude zahrnuto to nejlep\u0161\u00ed z ned\u00e1vn\u00e9 italsk\u00e9 filmov\u00e9 produkce s \u010desk\u00fdmi a anglick\u00fdmi titulky.\" \/>\n<meta name=\"robots\" content=\"index, follow, max-snippet:-1, max-image-preview:large, max-video-preview:-1\" \/>\n<link rel=\"canonical\" href=\"https:\/\/parlo-italiano.cz\/cs\/akce\/viii-rocnik-mittelcinemafestu-stredoevropskeho-festivalu-italskeho-filmu-v-ceske-republice\/\" \/>\n<meta property=\"og:locale\" content=\"cs_CZ\" \/>\n<meta property=\"og:type\" content=\"article\" \/>\n<meta property=\"og:title\" content=\"VIII. ro\u010dn\u00edk MittelCinemaFestu \u2013 St\u0159edoevropsk\u00e9ho festivalu italsk\u00e9ho filmu v \u010cesk\u00e9 republice - Parlo Italiano\" \/>\n<meta property=\"og:description\" content=\"Stav zdravotn\u00ed nouze nezastav\u00ed MittelCinemaFest! Osm\u00fd ro\u010dn\u00edk festivalu se kon\u00e1 online v bezplatn\u00e9 verzi pro celou \u010ceskou republiku. V programu bude zahrnuto to nejlep\u0161\u00ed z ned\u00e1vn\u00e9 italsk\u00e9 filmov\u00e9 produkce s \u010desk\u00fdmi a anglick\u00fdmi titulky.\" \/>\n<meta property=\"og:url\" content=\"https:\/\/parlo-italiano.cz\/cs\/akce\/viii-rocnik-mittelcinemafestu-stredoevropskeho-festivalu-italskeho-filmu-v-ceske-republice\/\" \/>\n<meta property=\"og:site_name\" content=\"Parlo Italiano\" \/>\n<meta property=\"article:published_time\" content=\"2020-11-10T12:56:52+00:00\" \/>\n<meta property=\"article:modified_time\" content=\"2021-07-04T10:54:44+00:00\" \/>\n<meta property=\"og:image\" content=\"https:\/\/parlo-italiano.cz\/wp-content\/uploads\/2020\/11\/MCF2020_ONLINE_animace_2-1.gif\" \/>\n\t<meta property=\"og:image:width\" content=\"690\" \/>\n\t<meta property=\"og:image:height\" content=\"388\" \/>\n\t<meta property=\"og:image:type\" content=\"image\/gif\" \/>\n<meta name=\"author\" content=\"AdminIIC\" \/>\n<meta name=\"twitter:card\" content=\"summary_large_image\" \/>\n<meta name=\"twitter:label1\" content=\"Napsal(a)\" \/>\n\t<meta name=\"twitter:data1\" content=\"AdminIIC\" \/>\n<script type=\"application\/ld+json\" class=\"yoast-schema-graph\">{\"@context\":\"https:\\\/\\\/schema.org\",\"@graph\":[{\"@type\":\"Article\",\"@id\":\"https:\\\/\\\/parlo-italiano.cz\\\/cs\\\/akce\\\/viii-rocnik-mittelcinemafestu-stredoevropskeho-festivalu-italskeho-filmu-v-ceske-republice\\\/#article\",\"isPartOf\":{\"@id\":\"https:\\\/\\\/parlo-italiano.cz\\\/cs\\\/akce\\\/viii-rocnik-mittelcinemafestu-stredoevropskeho-festivalu-italskeho-filmu-v-ceske-republice\\\/\"},\"author\":{\"name\":\"AdminIIC\",\"@id\":\"https:\\\/\\\/parlo-italiano.cz\\\/#\\\/schema\\\/person\\\/26e997de0aef5db023e3bb09f6dcee53\"},\"headline\":\"VIII. ro\u010dn\u00edk MittelCinemaFestu \u2013 St\u0159edoevropsk\u00e9ho festivalu italsk\u00e9ho filmu v \u010cesk\u00e9 republice\",\"datePublished\":\"2020-11-10T12:56:52+00:00\",\"dateModified\":\"2021-07-04T10:54:44+00:00\",\"mainEntityOfPage\":{\"@id\":\"https:\\\/\\\/parlo-italiano.cz\\\/cs\\\/akce\\\/viii-rocnik-mittelcinemafestu-stredoevropskeho-festivalu-italskeho-filmu-v-ceske-republice\\\/\"},\"wordCount\":63,\"publisher\":{\"@id\":\"https:\\\/\\\/parlo-italiano.cz\\\/#organization\"},\"image\":{\"@id\":\"https:\\\/\\\/parlo-italiano.cz\\\/cs\\\/akce\\\/viii-rocnik-mittelcinemafestu-stredoevropskeho-festivalu-italskeho-filmu-v-ceske-republice\\\/#primaryimage\"},\"thumbnailUrl\":\"https:\\\/\\\/parlo-italiano.cz\\\/wp-content\\\/uploads\\\/2020\\\/11\\\/MCF2020_ONLINE_animace_2-1.gif\",\"articleSection\":[\"Akce\"],\"inLanguage\":\"cs\"},{\"@type\":\"WebPage\",\"@id\":\"https:\\\/\\\/parlo-italiano.cz\\\/cs\\\/akce\\\/viii-rocnik-mittelcinemafestu-stredoevropskeho-festivalu-italskeho-filmu-v-ceske-republice\\\/\",\"url\":\"https:\\\/\\\/parlo-italiano.cz\\\/cs\\\/akce\\\/viii-rocnik-mittelcinemafestu-stredoevropskeho-festivalu-italskeho-filmu-v-ceske-republice\\\/\",\"name\":\"VIII. ro\u010dn\u00edk MittelCinemaFestu \u2013 St\u0159edoevropsk\u00e9ho festivalu italsk\u00e9ho filmu v \u010cesk\u00e9 republice - Parlo Italiano\",\"isPartOf\":{\"@id\":\"https:\\\/\\\/parlo-italiano.cz\\\/#website\"},\"primaryImageOfPage\":{\"@id\":\"https:\\\/\\\/parlo-italiano.cz\\\/cs\\\/akce\\\/viii-rocnik-mittelcinemafestu-stredoevropskeho-festivalu-italskeho-filmu-v-ceske-republice\\\/#primaryimage\"},\"image\":{\"@id\":\"https:\\\/\\\/parlo-italiano.cz\\\/cs\\\/akce\\\/viii-rocnik-mittelcinemafestu-stredoevropskeho-festivalu-italskeho-filmu-v-ceske-republice\\\/#primaryimage\"},\"thumbnailUrl\":\"https:\\\/\\\/parlo-italiano.cz\\\/wp-content\\\/uploads\\\/2020\\\/11\\\/MCF2020_ONLINE_animace_2-1.gif\",\"datePublished\":\"2020-11-10T12:56:52+00:00\",\"dateModified\":\"2021-07-04T10:54:44+00:00\",\"description\":\"Stav zdravotn\u00ed nouze nezastav\u00ed MittelCinemaFest! Osm\u00fd ro\u010dn\u00edk festivalu se kon\u00e1 online v bezplatn\u00e9 verzi pro celou \u010ceskou republiku. V programu bude zahrnuto to nejlep\u0161\u00ed z ned\u00e1vn\u00e9 italsk\u00e9 filmov\u00e9 produkce s \u010desk\u00fdmi a anglick\u00fdmi titulky.\",\"breadcrumb\":{\"@id\":\"https:\\\/\\\/parlo-italiano.cz\\\/cs\\\/akce\\\/viii-rocnik-mittelcinemafestu-stredoevropskeho-festivalu-italskeho-filmu-v-ceske-republice\\\/#breadcrumb\"},\"inLanguage\":\"cs\",\"potentialAction\":[{\"@type\":\"ReadAction\",\"target\":[\"https:\\\/\\\/parlo-italiano.cz\\\/cs\\\/akce\\\/viii-rocnik-mittelcinemafestu-stredoevropskeho-festivalu-italskeho-filmu-v-ceske-republice\\\/\"]}]},{\"@type\":\"ImageObject\",\"inLanguage\":\"cs\",\"@id\":\"https:\\\/\\\/parlo-italiano.cz\\\/cs\\\/akce\\\/viii-rocnik-mittelcinemafestu-stredoevropskeho-festivalu-italskeho-filmu-v-ceske-republice\\\/#primaryimage\",\"url\":\"https:\\\/\\\/parlo-italiano.cz\\\/wp-content\\\/uploads\\\/2020\\\/11\\\/MCF2020_ONLINE_animace_2-1.gif\",\"contentUrl\":\"https:\\\/\\\/parlo-italiano.cz\\\/wp-content\\\/uploads\\\/2020\\\/11\\\/MCF2020_ONLINE_animace_2-1.gif\",\"width\":690,\"height\":388},{\"@type\":\"BreadcrumbList\",\"@id\":\"https:\\\/\\\/parlo-italiano.cz\\\/cs\\\/akce\\\/viii-rocnik-mittelcinemafestu-stredoevropskeho-festivalu-italskeho-filmu-v-ceske-republice\\\/#breadcrumb\",\"itemListElement\":[{\"@type\":\"ListItem\",\"position\":1,\"name\":\"Home\",\"item\":\"https:\\\/\\\/parlo-italiano.cz\\\/cs\\\/\"},{\"@type\":\"ListItem\",\"position\":2,\"name\":\"VIII. ro\u010dn\u00edk MittelCinemaFestu \u2013 St\u0159edoevropsk\u00e9ho festivalu italsk\u00e9ho filmu v \u010cesk\u00e9 republice\"}]},{\"@type\":\"WebSite\",\"@id\":\"https:\\\/\\\/parlo-italiano.cz\\\/#website\",\"url\":\"https:\\\/\\\/parlo-italiano.cz\\\/\",\"name\":\"Parlo Italiano\",\"description\":\"Corsi di lingua italiana\",\"publisher\":{\"@id\":\"https:\\\/\\\/parlo-italiano.cz\\\/#organization\"},\"potentialAction\":[{\"@type\":\"SearchAction\",\"target\":{\"@type\":\"EntryPoint\",\"urlTemplate\":\"https:\\\/\\\/parlo-italiano.cz\\\/?s={search_term_string}\"},\"query-input\":{\"@type\":\"PropertyValueSpecification\",\"valueRequired\":true,\"valueName\":\"search_term_string\"}}],\"inLanguage\":\"cs\"},{\"@type\":\"Organization\",\"@id\":\"https:\\\/\\\/parlo-italiano.cz\\\/#organization\",\"name\":\"Istituto Italiano di Cultura Praga\",\"url\":\"https:\\\/\\\/parlo-italiano.cz\\\/\",\"logo\":{\"@type\":\"ImageObject\",\"inLanguage\":\"cs\",\"@id\":\"https:\\\/\\\/parlo-italiano.cz\\\/#\\\/schema\\\/logo\\\/image\\\/\",\"url\":\"https:\\\/\\\/parlo-italiano.cz\\\/wp-content\\\/uploads\\\/2020\\\/03\\\/logo_iic.png\",\"contentUrl\":\"https:\\\/\\\/parlo-italiano.cz\\\/wp-content\\\/uploads\\\/2020\\\/03\\\/logo_iic.png\",\"width\":230,\"height\":130,\"caption\":\"Istituto Italiano di Cultura Praga\"},\"image\":{\"@id\":\"https:\\\/\\\/parlo-italiano.cz\\\/#\\\/schema\\\/logo\\\/image\\\/\"}},{\"@type\":\"Person\",\"@id\":\"https:\\\/\\\/parlo-italiano.cz\\\/#\\\/schema\\\/person\\\/26e997de0aef5db023e3bb09f6dcee53\",\"name\":\"AdminIIC\",\"image\":{\"@type\":\"ImageObject\",\"inLanguage\":\"cs\",\"@id\":\"https:\\\/\\\/secure.gravatar.com\\\/avatar\\\/79050e3d8502ebbf64d3a7b3d97921a0faf531375e142791b3b7a0acf955f85d?s=96&d=mm&r=g\",\"url\":\"https:\\\/\\\/secure.gravatar.com\\\/avatar\\\/79050e3d8502ebbf64d3a7b3d97921a0faf531375e142791b3b7a0acf955f85d?s=96&d=mm&r=g\",\"contentUrl\":\"https:\\\/\\\/secure.gravatar.com\\\/avatar\\\/79050e3d8502ebbf64d3a7b3d97921a0faf531375e142791b3b7a0acf955f85d?s=96&d=mm&r=g\",\"caption\":\"AdminIIC\"},\"url\":\"https:\\\/\\\/parlo-italiano.cz\\\/cs\\\/author\\\/adminiic\\\/\"}]}<\/script>\n<!-- \/ Yoast SEO plugin. -->","yoast_head_json":{"title":"VIII. ro\u010dn\u00edk MittelCinemaFestu \u2013 St\u0159edoevropsk\u00e9ho festivalu italsk\u00e9ho filmu v \u010cesk\u00e9 republice - Parlo Italiano","description":"Stav zdravotn\u00ed nouze nezastav\u00ed MittelCinemaFest! Osm\u00fd ro\u010dn\u00edk festivalu se kon\u00e1 online v bezplatn\u00e9 verzi pro celou \u010ceskou republiku. V programu bude zahrnuto to nejlep\u0161\u00ed z ned\u00e1vn\u00e9 italsk\u00e9 filmov\u00e9 produkce s \u010desk\u00fdmi a anglick\u00fdmi titulky.","robots":{"index":"index","follow":"follow","max-snippet":"max-snippet:-1","max-image-preview":"max-image-preview:large","max-video-preview":"max-video-preview:-1"},"canonical":"https:\/\/parlo-italiano.cz\/cs\/akce\/viii-rocnik-mittelcinemafestu-stredoevropskeho-festivalu-italskeho-filmu-v-ceske-republice\/","og_locale":"cs_CZ","og_type":"article","og_title":"VIII. ro\u010dn\u00edk MittelCinemaFestu \u2013 St\u0159edoevropsk\u00e9ho festivalu italsk\u00e9ho filmu v \u010cesk\u00e9 republice - Parlo Italiano","og_description":"Stav zdravotn\u00ed nouze nezastav\u00ed MittelCinemaFest! Osm\u00fd ro\u010dn\u00edk festivalu se kon\u00e1 online v bezplatn\u00e9 verzi pro celou \u010ceskou republiku. V programu bude zahrnuto to nejlep\u0161\u00ed z ned\u00e1vn\u00e9 italsk\u00e9 filmov\u00e9 produkce s \u010desk\u00fdmi a anglick\u00fdmi titulky.","og_url":"https:\/\/parlo-italiano.cz\/cs\/akce\/viii-rocnik-mittelcinemafestu-stredoevropskeho-festivalu-italskeho-filmu-v-ceske-republice\/","og_site_name":"Parlo Italiano","article_published_time":"2020-11-10T12:56:52+00:00","article_modified_time":"2021-07-04T10:54:44+00:00","og_image":[{"width":690,"height":388,"url":"https:\/\/parlo-italiano.cz\/wp-content\/uploads\/2020\/11\/MCF2020_ONLINE_animace_2-1.gif","type":"image\/gif"}],"author":"AdminIIC","twitter_card":"summary_large_image","twitter_misc":{"Napsal(a)":"AdminIIC"},"schema":{"@context":"https:\/\/schema.org","@graph":[{"@type":"Article","@id":"https:\/\/parlo-italiano.cz\/cs\/akce\/viii-rocnik-mittelcinemafestu-stredoevropskeho-festivalu-italskeho-filmu-v-ceske-republice\/#article","isPartOf":{"@id":"https:\/\/parlo-italiano.cz\/cs\/akce\/viii-rocnik-mittelcinemafestu-stredoevropskeho-festivalu-italskeho-filmu-v-ceske-republice\/"},"author":{"name":"AdminIIC","@id":"https:\/\/parlo-italiano.cz\/#\/schema\/person\/26e997de0aef5db023e3bb09f6dcee53"},"headline":"VIII. ro\u010dn\u00edk MittelCinemaFestu \u2013 St\u0159edoevropsk\u00e9ho festivalu italsk\u00e9ho filmu v \u010cesk\u00e9 republice","datePublished":"2020-11-10T12:56:52+00:00","dateModified":"2021-07-04T10:54:44+00:00","mainEntityOfPage":{"@id":"https:\/\/parlo-italiano.cz\/cs\/akce\/viii-rocnik-mittelcinemafestu-stredoevropskeho-festivalu-italskeho-filmu-v-ceske-republice\/"},"wordCount":63,"publisher":{"@id":"https:\/\/parlo-italiano.cz\/#organization"},"image":{"@id":"https:\/\/parlo-italiano.cz\/cs\/akce\/viii-rocnik-mittelcinemafestu-stredoevropskeho-festivalu-italskeho-filmu-v-ceske-republice\/#primaryimage"},"thumbnailUrl":"https:\/\/parlo-italiano.cz\/wp-content\/uploads\/2020\/11\/MCF2020_ONLINE_animace_2-1.gif","articleSection":["Akce"],"inLanguage":"cs"},{"@type":"WebPage","@id":"https:\/\/parlo-italiano.cz\/cs\/akce\/viii-rocnik-mittelcinemafestu-stredoevropskeho-festivalu-italskeho-filmu-v-ceske-republice\/","url":"https:\/\/parlo-italiano.cz\/cs\/akce\/viii-rocnik-mittelcinemafestu-stredoevropskeho-festivalu-italskeho-filmu-v-ceske-republice\/","name":"VIII. ro\u010dn\u00edk MittelCinemaFestu \u2013 St\u0159edoevropsk\u00e9ho festivalu italsk\u00e9ho filmu v \u010cesk\u00e9 republice - Parlo Italiano","isPartOf":{"@id":"https:\/\/parlo-italiano.cz\/#website"},"primaryImageOfPage":{"@id":"https:\/\/parlo-italiano.cz\/cs\/akce\/viii-rocnik-mittelcinemafestu-stredoevropskeho-festivalu-italskeho-filmu-v-ceske-republice\/#primaryimage"},"image":{"@id":"https:\/\/parlo-italiano.cz\/cs\/akce\/viii-rocnik-mittelcinemafestu-stredoevropskeho-festivalu-italskeho-filmu-v-ceske-republice\/#primaryimage"},"thumbnailUrl":"https:\/\/parlo-italiano.cz\/wp-content\/uploads\/2020\/11\/MCF2020_ONLINE_animace_2-1.gif","datePublished":"2020-11-10T12:56:52+00:00","dateModified":"2021-07-04T10:54:44+00:00","description":"Stav zdravotn\u00ed nouze nezastav\u00ed MittelCinemaFest! Osm\u00fd ro\u010dn\u00edk festivalu se kon\u00e1 online v bezplatn\u00e9 verzi pro celou \u010ceskou republiku. V programu bude zahrnuto to nejlep\u0161\u00ed z ned\u00e1vn\u00e9 italsk\u00e9 filmov\u00e9 produkce s \u010desk\u00fdmi a anglick\u00fdmi titulky.","breadcrumb":{"@id":"https:\/\/parlo-italiano.cz\/cs\/akce\/viii-rocnik-mittelcinemafestu-stredoevropskeho-festivalu-italskeho-filmu-v-ceske-republice\/#breadcrumb"},"inLanguage":"cs","potentialAction":[{"@type":"ReadAction","target":["https:\/\/parlo-italiano.cz\/cs\/akce\/viii-rocnik-mittelcinemafestu-stredoevropskeho-festivalu-italskeho-filmu-v-ceske-republice\/"]}]},{"@type":"ImageObject","inLanguage":"cs","@id":"https:\/\/parlo-italiano.cz\/cs\/akce\/viii-rocnik-mittelcinemafestu-stredoevropskeho-festivalu-italskeho-filmu-v-ceske-republice\/#primaryimage","url":"https:\/\/parlo-italiano.cz\/wp-content\/uploads\/2020\/11\/MCF2020_ONLINE_animace_2-1.gif","contentUrl":"https:\/\/parlo-italiano.cz\/wp-content\/uploads\/2020\/11\/MCF2020_ONLINE_animace_2-1.gif","width":690,"height":388},{"@type":"BreadcrumbList","@id":"https:\/\/parlo-italiano.cz\/cs\/akce\/viii-rocnik-mittelcinemafestu-stredoevropskeho-festivalu-italskeho-filmu-v-ceske-republice\/#breadcrumb","itemListElement":[{"@type":"ListItem","position":1,"name":"Home","item":"https:\/\/parlo-italiano.cz\/cs\/"},{"@type":"ListItem","position":2,"name":"VIII. ro\u010dn\u00edk MittelCinemaFestu \u2013 St\u0159edoevropsk\u00e9ho festivalu italsk\u00e9ho filmu v \u010cesk\u00e9 republice"}]},{"@type":"WebSite","@id":"https:\/\/parlo-italiano.cz\/#website","url":"https:\/\/parlo-italiano.cz\/","name":"Parlo Italiano","description":"Corsi di lingua italiana","publisher":{"@id":"https:\/\/parlo-italiano.cz\/#organization"},"potentialAction":[{"@type":"SearchAction","target":{"@type":"EntryPoint","urlTemplate":"https:\/\/parlo-italiano.cz\/?s={search_term_string}"},"query-input":{"@type":"PropertyValueSpecification","valueRequired":true,"valueName":"search_term_string"}}],"inLanguage":"cs"},{"@type":"Organization","@id":"https:\/\/parlo-italiano.cz\/#organization","name":"Istituto Italiano di Cultura Praga","url":"https:\/\/parlo-italiano.cz\/","logo":{"@type":"ImageObject","inLanguage":"cs","@id":"https:\/\/parlo-italiano.cz\/#\/schema\/logo\/image\/","url":"https:\/\/parlo-italiano.cz\/wp-content\/uploads\/2020\/03\/logo_iic.png","contentUrl":"https:\/\/parlo-italiano.cz\/wp-content\/uploads\/2020\/03\/logo_iic.png","width":230,"height":130,"caption":"Istituto Italiano di Cultura Praga"},"image":{"@id":"https:\/\/parlo-italiano.cz\/#\/schema\/logo\/image\/"}},{"@type":"Person","@id":"https:\/\/parlo-italiano.cz\/#\/schema\/person\/26e997de0aef5db023e3bb09f6dcee53","name":"AdminIIC","image":{"@type":"ImageObject","inLanguage":"cs","@id":"https:\/\/secure.gravatar.com\/avatar\/79050e3d8502ebbf64d3a7b3d97921a0faf531375e142791b3b7a0acf955f85d?s=96&d=mm&r=g","url":"https:\/\/secure.gravatar.com\/avatar\/79050e3d8502ebbf64d3a7b3d97921a0faf531375e142791b3b7a0acf955f85d?s=96&d=mm&r=g","contentUrl":"https:\/\/secure.gravatar.com\/avatar\/79050e3d8502ebbf64d3a7b3d97921a0faf531375e142791b3b7a0acf955f85d?s=96&d=mm&r=g","caption":"AdminIIC"},"url":"https:\/\/parlo-italiano.cz\/cs\/author\/adminiic\/"}]}},"_links":{"self":[{"href":"https:\/\/parlo-italiano.cz\/cs\/wp-json\/wp\/v2\/posts\/16497","targetHints":{"allow":["GET"]}}],"collection":[{"href":"https:\/\/parlo-italiano.cz\/cs\/wp-json\/wp\/v2\/posts"}],"about":[{"href":"https:\/\/parlo-italiano.cz\/cs\/wp-json\/wp\/v2\/types\/post"}],"author":[{"embeddable":true,"href":"https:\/\/parlo-italiano.cz\/cs\/wp-json\/wp\/v2\/users\/2"}],"replies":[{"embeddable":true,"href":"https:\/\/parlo-italiano.cz\/cs\/wp-json\/wp\/v2\/comments?post=16497"}],"version-history":[{"count":2,"href":"https:\/\/parlo-italiano.cz\/cs\/wp-json\/wp\/v2\/posts\/16497\/revisions"}],"predecessor-version":[{"id":18444,"href":"https:\/\/parlo-italiano.cz\/cs\/wp-json\/wp\/v2\/posts\/16497\/revisions\/18444"}],"wp:featuredmedia":[{"embeddable":true,"href":"https:\/\/parlo-italiano.cz\/cs\/wp-json\/wp\/v2\/media\/16494"}],"wp:attachment":[{"href":"https:\/\/parlo-italiano.cz\/cs\/wp-json\/wp\/v2\/media?parent=16497"}],"wp:term":[{"taxonomy":"category","embeddable":true,"href":"https:\/\/parlo-italiano.cz\/cs\/wp-json\/wp\/v2\/categories?post=16497"},{"taxonomy":"post_tag","embeddable":true,"href":"https:\/\/parlo-italiano.cz\/cs\/wp-json\/wp\/v2\/tags?post=16497"}],"curies":[{"name":"wp","href":"https:\/\/api.w.org\/{rel}","templated":true}]}}